{"id":719,"date":"2026-04-18T14:10:51","date_gmt":"2026-04-18T13:10:51","guid":{"rendered":"https:\/\/tatrarendezveny.hu\/?p=719"},"modified":"2026-04-18T14:14:09","modified_gmt":"2026-04-18T13:14:09","slug":"tatra-terasz-pub-nyitas","status":"publish","type":"post","link":"https:\/\/tatrarendezveny.hu\/index.php\/2026\/04\/18\/tatra-terasz-pub-nyitas\/","title":{"rendered":"Megnyit a T\u00e1tra Terasz &amp; PUB"},"content":{"rendered":"\n<p>Kedves \u00c9rdekl\u0151d\u0151k! <\/p>\n\n\n\n<p>2026.05.01-\u00e9n megnyitja kapuit a T\u00e1tra Terasz &amp; PUB.<\/p>\n\n\n\n<p>Fantasztikus hangulat, bar\u00e1ti l\u00e9gk\u00f6r, sport TV m\u0171sorok, zene, k\u00e1rtya, sakk, csocs\u00f3, bili\u00e1rd, \u00e9s nagyszer\u0171 italv\u00e1laszt\u00e9k v\u00e1r minden kedves vend\u00e9get.<\/p>\n\n\n\n<p>A nyitvatart\u00e1s a <a href=\"https:\/\/www.facebook.com\/tatrarendezveny\/\" data-type=\"link\" data-id=\"https:\/\/www.facebook.com\/tatrarendezveny\/\" target=\"_blank\" rel=\"noopener\">T\u00e1tra Rendezv\u00e9nyh\u00e1z<\/a> Facebook oldal\u00e1n, \u00e9s a <a href=\"https:\/\/www.facebook.com\/groups\/645400997993213\" data-type=\"link\" data-id=\"https:\/\/www.facebook.com\/groups\/645400997993213\" target=\"_blank\" rel=\"noopener\">T\u00e1tra Club<\/a> csoportban hamarosan megtekinthet\u0151. Ezen alkalommal egy guly\u00e1s f\u0151z\u0151versenyt rendez\u00fcnk, ahol vend\u00e9geknek a r\u00e9szv\u00e9tel ingyenes, eb\u00e9djegy 500Ft\/f\u0151 \u00e1ron v\u00e1s\u00e1rolhat\u00f3. Eg\u00e9sz nap zene, hideg italok, nagyszer\u0171 \u00e9telek, \u00e9s fantasztikus hangulat v\u00e1r mindenkit.<\/p>\n\n\n\n<h2 class=\"wp-block-heading\">2026.05.01.-\u00e9n nyit a T\u00e1tra Terasz &amp; PUB<\/h2>\n\n\n\n<figure class=\"wp-block-image size-large\"><img decoding=\"async\" width=\"819\" height=\"1024\" src=\"https:\/\/tatrarendezveny.hu\/wp-content\/uploads\/2026\/04\/13-MAY-2030-819x1024.avif\" alt=\"\" class=\"wp-image-720\" srcset=\"https:\/\/tatrarendezveny.hu\/wp-content\/uploads\/2026\/04\/13-MAY-2030-819x1024.avif 819w, https:\/\/tatrarendezveny.hu\/wp-content\/uploads\/2026\/04\/13-MAY-2030-240x300.avif 240w, https:\/\/tatrarendezveny.hu\/wp-content\/uploads\/2026\/04\/13-MAY-2030-768x960.avif 768w, https:\/\/tatrarendezveny.hu\/wp-content\/uploads\/2026\/04\/13-MAY-2030-864x1080.avif 864w, https:\/\/tatrarendezveny.hu\/wp-content\/uploads\/2026\/04\/13-MAY-2030.avif 1080w\" sizes=\"(max-width: 819px) 100vw, 819px\" \/><\/figure>\n\n\n\n<p>Addig is n\u00e9zz sz\u00e9t a <a href=\"https:\/\/tatrarendezveny.hu\/index.php\/galeria\/\" data-type=\"page\" data-id=\"342\">gal\u00e9ri\u00e1nkban<\/a>, vagy n\u00e9zd meg folyamatosan b\u0151v\u00fcl\u0151 <a href=\"https:\/\/tatrarendezveny.hu\/index.php\/szolgaltatasok\/\" data-type=\"page\" data-id=\"327\">szolg\u00e1ltat\u00e1sainkat<\/a>.<\/p>\n\n\n\n<p><\/p>\n","protected":false},"excerpt":{"rendered":"<p>Kedves \u00c9rdekl\u0151d\u0151k! 2026.05.01-\u00e9n megnyitja kapuit a T\u00e1tra Terasz &amp; PUB. Fantasztikus hangulat, bar\u00e1ti l\u00e9gk\u00f6r, sport TV m\u0171sorok, zene, k\u00e1rtya, sakk, csocs\u00f3, bili\u00e1rd, \u00e9s nagyszer\u0171 italv\u00e1laszt\u00e9k v\u00e1r minden kedves vend\u00e9get. A nyitvatart\u00e1s a T\u00e1tra Rendezv\u00e9nyh\u00e1z Facebook oldal\u00e1n, \u00e9s a T\u00e1tra Club csoportban hamarosan megtekinthet\u0151. Ezen alkalommal egy guly\u00e1s f\u0151z\u0151versenyt rendez\u00fcnk, ahol vend\u00e9geknek a r\u00e9szv\u00e9tel ingyenes, eb\u00e9djegy [&hellip;]<\/p>\n","protected":false},"author":1,"featured_media":720,"comment_status":"open","ping_status":"open","sticky":false,"template":"","format":"standard","meta":{"saved_in_kubio":false,"ngg_post_thumbnail":0,"footnotes":""},"categories":[1],"tags":[],"class_list":["post-719","post","type-post","status-publish","format-standard","has-post-thumbnail","hentry","category-uncategorized"],"yoast_head":"<!-- This site is optimized with the Yoast SEO plugin v27.5 - https:\/\/yoast.com\/product\/yoast-seo-wordpress\/ -->\n<title>Megnyit a T\u00e1tra Terasz &amp; PUB - T\u00e1tra Rendezv\u00e9nyh\u00e1z Ecs\u00e9d<\/title>\n<meta name=\"description\" content=\"2026.05.01.-\u00e9n nyit a T\u00e1tra Terasz &amp; PUB! Sport k\u00f6zvet\u00edt\u00e9sek, csocs\u00f3, bili\u00e1rd, k\u00e1rtya j\u00e1t\u00e9kok, sakk \u00e9s sok m\u00e1s lehet\u0151s\u00e9g v\u00e1rja vend\u00e9geinket.\" \/>\n<meta name=\"robots\" content=\"index, follow, max-snippet:-1, max-image-preview:large, max-video-preview:-1\" \/>\n<link rel=\"canonical\" href=\"https:\/\/tatrarendezveny.hu\/index.php\/2026\/04\/18\/tatra-terasz-pub-nyitas\/\" \/>\n<meta property=\"og:locale\" content=\"hu_HU\" \/>\n<meta property=\"og:type\" content=\"article\" \/>\n<meta property=\"og:title\" content=\"Megnyit a T\u00e1tra Terasz &amp; PUB - T\u00e1tra Rendezv\u00e9nyh\u00e1z Ecs\u00e9d\" \/>\n<meta property=\"og:description\" content=\"2026.05.01.-\u00e9n nyit a T\u00e1tra Terasz &amp; PUB! Sport k\u00f6zvet\u00edt\u00e9sek, csocs\u00f3, bili\u00e1rd, k\u00e1rtya j\u00e1t\u00e9kok, sakk \u00e9s sok m\u00e1s lehet\u0151s\u00e9g v\u00e1rja vend\u00e9geinket.\" \/>\n<meta property=\"og:url\" content=\"https:\/\/tatrarendezveny.hu\/index.php\/2026\/04\/18\/tatra-terasz-pub-nyitas\/\" \/>\n<meta property=\"og:site_name\" content=\"T\u00e1tra Rendezv\u00e9nyh\u00e1z Ecs\u00e9d\" \/>\n<meta property=\"article:publisher\" content=\"https:\/\/www.facebook.com\/tatrarendezveny\/\" \/>\n<meta property=\"article:published_time\" content=\"2026-04-18T13:10:51+00:00\" \/>\n<meta property=\"article:modified_time\" content=\"2026-04-18T13:14:09+00:00\" \/>\n<meta property=\"og:image\" content=\"https:\/\/tatrarendezveny.hu\/wp-content\/uploads\/2026\/04\/13-MAY-2030.avif\" \/>\n\t<meta property=\"og:image:width\" content=\"1080\" \/>\n\t<meta property=\"og:image:height\" content=\"1350\" \/>\n\t<meta property=\"og:image:type\" content=\"image\/png\" \/>\n<meta name=\"author\" content=\"admin\" \/>\n<meta name=\"twitter:card\" content=\"summary_large_image\" \/>\n<meta name=\"twitter:label1\" content=\"Szerz\u0151:\" \/>\n\t<meta name=\"twitter:data1\" content=\"admin\" \/>\n\t<meta name=\"twitter:label2\" content=\"Becs\u00fclt olvas\u00e1si id\u0151\" \/>\n\t<meta name=\"twitter:data2\" content=\"1 perc\" \/>\n<script type=\"application\/ld+json\" class=\"yoast-schema-graph\">{\"@context\":\"https:\\\/\\\/schema.org\",\"@graph\":[{\"@type\":\"Article\",\"@id\":\"https:\\\/\\\/tatrarendezveny.hu\\\/index.php\\\/2026\\\/04\\\/18\\\/tatra-terasz-pub-nyitas\\\/#article\",\"isPartOf\":{\"@id\":\"https:\\\/\\\/tatrarendezveny.hu\\\/index.php\\\/2026\\\/04\\\/18\\\/tatra-terasz-pub-nyitas\\\/\"},\"author\":{\"name\":\"admin\",\"@id\":\"https:\\\/\\\/tatrarendezveny.hu\\\/#\\\/schema\\\/person\\\/0f076a8cb61611a42d12c2d7719cbdf5\"},\"headline\":\"Megnyit a T\u00e1tra Terasz &amp; PUB\",\"datePublished\":\"2026-04-18T13:10:51+00:00\",\"dateModified\":\"2026-04-18T13:14:09+00:00\",\"mainEntityOfPage\":{\"@id\":\"https:\\\/\\\/tatrarendezveny.hu\\\/index.php\\\/2026\\\/04\\\/18\\\/tatra-terasz-pub-nyitas\\\/\"},\"wordCount\":140,\"commentCount\":0,\"publisher\":{\"@id\":\"https:\\\/\\\/tatrarendezveny.hu\\\/#organization\"},\"image\":{\"@id\":\"https:\\\/\\\/tatrarendezveny.hu\\\/index.php\\\/2026\\\/04\\\/18\\\/tatra-terasz-pub-nyitas\\\/#primaryimage\"},\"thumbnailUrl\":\"https:\\\/\\\/tatrarendezveny.hu\\\/wp-content\\\/uploads\\\/2026\\\/04\\\/13-MAY-2030.avif\",\"articleSection\":[\"Uncategorized\"],\"inLanguage\":\"hu\",\"potentialAction\":[{\"@type\":\"CommentAction\",\"name\":\"Comment\",\"target\":[\"https:\\\/\\\/tatrarendezveny.hu\\\/index.php\\\/2026\\\/04\\\/18\\\/tatra-terasz-pub-nyitas\\\/#respond\"]}]},{\"@type\":\"WebPage\",\"@id\":\"https:\\\/\\\/tatrarendezveny.hu\\\/index.php\\\/2026\\\/04\\\/18\\\/tatra-terasz-pub-nyitas\\\/\",\"url\":\"https:\\\/\\\/tatrarendezveny.hu\\\/index.php\\\/2026\\\/04\\\/18\\\/tatra-terasz-pub-nyitas\\\/\",\"name\":\"Megnyit a T\u00e1tra Terasz &amp; PUB - T\u00e1tra Rendezv\u00e9nyh\u00e1z Ecs\u00e9d\",\"isPartOf\":{\"@id\":\"https:\\\/\\\/tatrarendezveny.hu\\\/#website\"},\"primaryImageOfPage\":{\"@id\":\"https:\\\/\\\/tatrarendezveny.hu\\\/index.php\\\/2026\\\/04\\\/18\\\/tatra-terasz-pub-nyitas\\\/#primaryimage\"},\"image\":{\"@id\":\"https:\\\/\\\/tatrarendezveny.hu\\\/index.php\\\/2026\\\/04\\\/18\\\/tatra-terasz-pub-nyitas\\\/#primaryimage\"},\"thumbnailUrl\":\"https:\\\/\\\/tatrarendezveny.hu\\\/wp-content\\\/uploads\\\/2026\\\/04\\\/13-MAY-2030.avif\",\"datePublished\":\"2026-04-18T13:10:51+00:00\",\"dateModified\":\"2026-04-18T13:14:09+00:00\",\"description\":\"2026.05.01.-\u00e9n nyit a T\u00e1tra Terasz & PUB! Sport k\u00f6zvet\u00edt\u00e9sek, csocs\u00f3, bili\u00e1rd, k\u00e1rtya j\u00e1t\u00e9kok, sakk \u00e9s sok m\u00e1s lehet\u0151s\u00e9g v\u00e1rja vend\u00e9geinket.\",\"breadcrumb\":{\"@id\":\"https:\\\/\\\/tatrarendezveny.hu\\\/index.php\\\/2026\\\/04\\\/18\\\/tatra-terasz-pub-nyitas\\\/#breadcrumb\"},\"inLanguage\":\"hu\",\"potentialAction\":[{\"@type\":\"ReadAction\",\"target\":[\"https:\\\/\\\/tatrarendezveny.hu\\\/index.php\\\/2026\\\/04\\\/18\\\/tatra-terasz-pub-nyitas\\\/\"]}]},{\"@type\":\"ImageObject\",\"inLanguage\":\"hu\",\"@id\":\"https:\\\/\\\/tatrarendezveny.hu\\\/index.php\\\/2026\\\/04\\\/18\\\/tatra-terasz-pub-nyitas\\\/#primaryimage\",\"url\":\"https:\\\/\\\/tatrarendezveny.hu\\\/wp-content\\\/uploads\\\/2026\\\/04\\\/13-MAY-2030.avif\",\"contentUrl\":\"https:\\\/\\\/tatrarendezveny.hu\\\/wp-content\\\/uploads\\\/2026\\\/04\\\/13-MAY-2030.avif\",\"width\":1080,\"height\":1350},{\"@type\":\"BreadcrumbList\",\"@id\":\"https:\\\/\\\/tatrarendezveny.hu\\\/index.php\\\/2026\\\/04\\\/18\\\/tatra-terasz-pub-nyitas\\\/#breadcrumb\",\"itemListElement\":[{\"@type\":\"ListItem\",\"position\":1,\"name\":\"Kezd\u0151lap\",\"item\":\"https:\\\/\\\/tatrarendezveny.hu\\\/\"},{\"@type\":\"ListItem\",\"position\":2,\"name\":\"Megnyit a T\u00e1tra Terasz &amp; PUB\"}]},{\"@type\":\"WebSite\",\"@id\":\"https:\\\/\\\/tatrarendezveny.hu\\\/#website\",\"url\":\"https:\\\/\\\/tatrarendezveny.hu\\\/\",\"name\":\"T\u00e1tra Rendezv\u00e9nyh\u00e1z Ecs\u00e9d\",\"description\":\"Ahol a rendezv\u00e9nyek \u00e9letre kelnek.\",\"publisher\":{\"@id\":\"https:\\\/\\\/tatrarendezveny.hu\\\/#organization\"},\"potentialAction\":[{\"@type\":\"SearchAction\",\"target\":{\"@type\":\"EntryPoint\",\"urlTemplate\":\"https:\\\/\\\/tatrarendezveny.hu\\\/?s={search_term_string}\"},\"query-input\":{\"@type\":\"PropertyValueSpecification\",\"valueRequired\":true,\"valueName\":\"search_term_string\"}}],\"inLanguage\":\"hu\"},{\"@type\":\"Organization\",\"@id\":\"https:\\\/\\\/tatrarendezveny.hu\\\/#organization\",\"name\":\"T\u00e1tra Rendezv\u00e9nyh\u00e1z Ecs\u00e9d\",\"url\":\"https:\\\/\\\/tatrarendezveny.hu\\\/\",\"logo\":{\"@type\":\"ImageObject\",\"inLanguage\":\"hu\",\"@id\":\"https:\\\/\\\/tatrarendezveny.hu\\\/#\\\/schema\\\/logo\\\/image\\\/\",\"url\":\"https:\\\/\\\/tatrarendezveny.hu\\\/wp-content\\\/uploads\\\/2024\\\/12\\\/tatra-rendezvenyhaz.logo_.png\",\"contentUrl\":\"https:\\\/\\\/tatrarendezveny.hu\\\/wp-content\\\/uploads\\\/2024\\\/12\\\/tatra-rendezvenyhaz.logo_.png\",\"width\":1920,\"height\":1080,\"caption\":\"T\u00e1tra Rendezv\u00e9nyh\u00e1z Ecs\u00e9d\"},\"image\":{\"@id\":\"https:\\\/\\\/tatrarendezveny.hu\\\/#\\\/schema\\\/logo\\\/image\\\/\"},\"sameAs\":[\"https:\\\/\\\/www.facebook.com\\\/tatrarendezveny\\\/\",\"https:\\\/\\\/www.instagram.com\\\/tatra_rendezvenyhelyszin\"]},{\"@type\":\"Person\",\"@id\":\"https:\\\/\\\/tatrarendezveny.hu\\\/#\\\/schema\\\/person\\\/0f076a8cb61611a42d12c2d7719cbdf5\",\"name\":\"admin\",\"image\":{\"@type\":\"ImageObject\",\"inLanguage\":\"hu\",\"@id\":\"https:\\\/\\\/secure.gravatar.com\\\/avatar\\\/e1e9306a102b9896113a843eddbbe5abf162256340d7a8db7e663baeecfdb878?s=96&d=mm&r=g\",\"url\":\"https:\\\/\\\/secure.gravatar.com\\\/avatar\\\/e1e9306a102b9896113a843eddbbe5abf162256340d7a8db7e663baeecfdb878?s=96&d=mm&r=g\",\"contentUrl\":\"https:\\\/\\\/secure.gravatar.com\\\/avatar\\\/e1e9306a102b9896113a843eddbbe5abf162256340d7a8db7e663baeecfdb878?s=96&d=mm&r=g\",\"caption\":\"admin\"},\"sameAs\":[\"https:\\\/\\\/tatrarendezveny.hu\"],\"url\":\"https:\\\/\\\/tatrarendezveny.hu\\\/author\\\/tatra\\\/\"}]}<\/script>\n<!-- \/ Yoast SEO plugin. -->","yoast_head_json":{"title":"Megnyit a T\u00e1tra Terasz &amp; PUB - T\u00e1tra Rendezv\u00e9nyh\u00e1z Ecs\u00e9d","description":"2026.05.01.-\u00e9n nyit a T\u00e1tra Terasz & PUB! Sport k\u00f6zvet\u00edt\u00e9sek, csocs\u00f3, bili\u00e1rd, k\u00e1rtya j\u00e1t\u00e9kok, sakk \u00e9s sok m\u00e1s lehet\u0151s\u00e9g v\u00e1rja vend\u00e9geinket.","robots":{"index":"index","follow":"follow","max-snippet":"max-snippet:-1","max-image-preview":"max-image-preview:large","max-video-preview":"max-video-preview:-1"},"canonical":"https:\/\/tatrarendezveny.hu\/index.php\/2026\/04\/18\/tatra-terasz-pub-nyitas\/","og_locale":"hu_HU","og_type":"article","og_title":"Megnyit a T\u00e1tra Terasz &amp; PUB - T\u00e1tra Rendezv\u00e9nyh\u00e1z Ecs\u00e9d","og_description":"2026.05.01.-\u00e9n nyit a T\u00e1tra Terasz & PUB! Sport k\u00f6zvet\u00edt\u00e9sek, csocs\u00f3, bili\u00e1rd, k\u00e1rtya j\u00e1t\u00e9kok, sakk \u00e9s sok m\u00e1s lehet\u0151s\u00e9g v\u00e1rja vend\u00e9geinket.","og_url":"https:\/\/tatrarendezveny.hu\/index.php\/2026\/04\/18\/tatra-terasz-pub-nyitas\/","og_site_name":"T\u00e1tra Rendezv\u00e9nyh\u00e1z Ecs\u00e9d","article_publisher":"https:\/\/www.facebook.com\/tatrarendezveny\/","article_published_time":"2026-04-18T13:10:51+00:00","article_modified_time":"2026-04-18T13:14:09+00:00","og_image":[{"width":1080,"height":1350,"url":"https:\/\/tatrarendezveny.hu\/wp-content\/uploads\/2026\/04\/13-MAY-2030.avif","type":"image\/png"}],"author":"admin","twitter_card":"summary_large_image","twitter_misc":{"Szerz\u0151:":"admin","Becs\u00fclt olvas\u00e1si id\u0151":"1 perc"},"schema":{"@context":"https:\/\/schema.org","@graph":[{"@type":"Article","@id":"https:\/\/tatrarendezveny.hu\/index.php\/2026\/04\/18\/tatra-terasz-pub-nyitas\/#article","isPartOf":{"@id":"https:\/\/tatrarendezveny.hu\/index.php\/2026\/04\/18\/tatra-terasz-pub-nyitas\/"},"author":{"name":"admin","@id":"https:\/\/tatrarendezveny.hu\/#\/schema\/person\/0f076a8cb61611a42d12c2d7719cbdf5"},"headline":"Megnyit a T\u00e1tra Terasz &amp; PUB","datePublished":"2026-04-18T13:10:51+00:00","dateModified":"2026-04-18T13:14:09+00:00","mainEntityOfPage":{"@id":"https:\/\/tatrarendezveny.hu\/index.php\/2026\/04\/18\/tatra-terasz-pub-nyitas\/"},"wordCount":140,"commentCount":0,"publisher":{"@id":"https:\/\/tatrarendezveny.hu\/#organization"},"image":{"@id":"https:\/\/tatrarendezveny.hu\/index.php\/2026\/04\/18\/tatra-terasz-pub-nyitas\/#primaryimage"},"thumbnailUrl":"https:\/\/tatrarendezveny.hu\/wp-content\/uploads\/2026\/04\/13-MAY-2030.avif","articleSection":["Uncategorized"],"inLanguage":"hu","potentialAction":[{"@type":"CommentAction","name":"Comment","target":["https:\/\/tatrarendezveny.hu\/index.php\/2026\/04\/18\/tatra-terasz-pub-nyitas\/#respond"]}]},{"@type":"WebPage","@id":"https:\/\/tatrarendezveny.hu\/index.php\/2026\/04\/18\/tatra-terasz-pub-nyitas\/","url":"https:\/\/tatrarendezveny.hu\/index.php\/2026\/04\/18\/tatra-terasz-pub-nyitas\/","name":"Megnyit a T\u00e1tra Terasz &amp; PUB - T\u00e1tra Rendezv\u00e9nyh\u00e1z Ecs\u00e9d","isPartOf":{"@id":"https:\/\/tatrarendezveny.hu\/#website"},"primaryImageOfPage":{"@id":"https:\/\/tatrarendezveny.hu\/index.php\/2026\/04\/18\/tatra-terasz-pub-nyitas\/#primaryimage"},"image":{"@id":"https:\/\/tatrarendezveny.hu\/index.php\/2026\/04\/18\/tatra-terasz-pub-nyitas\/#primaryimage"},"thumbnailUrl":"https:\/\/tatrarendezveny.hu\/wp-content\/uploads\/2026\/04\/13-MAY-2030.avif","datePublished":"2026-04-18T13:10:51+00:00","dateModified":"2026-04-18T13:14:09+00:00","description":"2026.05.01.-\u00e9n nyit a T\u00e1tra Terasz & PUB! Sport k\u00f6zvet\u00edt\u00e9sek, csocs\u00f3, bili\u00e1rd, k\u00e1rtya j\u00e1t\u00e9kok, sakk \u00e9s sok m\u00e1s lehet\u0151s\u00e9g v\u00e1rja vend\u00e9geinket.","breadcrumb":{"@id":"https:\/\/tatrarendezveny.hu\/index.php\/2026\/04\/18\/tatra-terasz-pub-nyitas\/#breadcrumb"},"inLanguage":"hu","potentialAction":[{"@type":"ReadAction","target":["https:\/\/tatrarendezveny.hu\/index.php\/2026\/04\/18\/tatra-terasz-pub-nyitas\/"]}]},{"@type":"ImageObject","inLanguage":"hu","@id":"https:\/\/tatrarendezveny.hu\/index.php\/2026\/04\/18\/tatra-terasz-pub-nyitas\/#primaryimage","url":"https:\/\/tatrarendezveny.hu\/wp-content\/uploads\/2026\/04\/13-MAY-2030.avif","contentUrl":"https:\/\/tatrarendezveny.hu\/wp-content\/uploads\/2026\/04\/13-MAY-2030.avif","width":1080,"height":1350},{"@type":"BreadcrumbList","@id":"https:\/\/tatrarendezveny.hu\/index.php\/2026\/04\/18\/tatra-terasz-pub-nyitas\/#breadcrumb","itemListElement":[{"@type":"ListItem","position":1,"name":"Kezd\u0151lap","item":"https:\/\/tatrarendezveny.hu\/"},{"@type":"ListItem","position":2,"name":"Megnyit a T\u00e1tra Terasz &amp; PUB"}]},{"@type":"WebSite","@id":"https:\/\/tatrarendezveny.hu\/#website","url":"https:\/\/tatrarendezveny.hu\/","name":"T\u00e1tra Rendezv\u00e9nyh\u00e1z Ecs\u00e9d","description":"Ahol a rendezv\u00e9nyek \u00e9letre kelnek.","publisher":{"@id":"https:\/\/tatrarendezveny.hu\/#organization"},"potentialAction":[{"@type":"SearchAction","target":{"@type":"EntryPoint","urlTemplate":"https:\/\/tatrarendezveny.hu\/?s={search_term_string}"},"query-input":{"@type":"PropertyValueSpecification","valueRequired":true,"valueName":"search_term_string"}}],"inLanguage":"hu"},{"@type":"Organization","@id":"https:\/\/tatrarendezveny.hu\/#organization","name":"T\u00e1tra Rendezv\u00e9nyh\u00e1z Ecs\u00e9d","url":"https:\/\/tatrarendezveny.hu\/","logo":{"@type":"ImageObject","inLanguage":"hu","@id":"https:\/\/tatrarendezveny.hu\/#\/schema\/logo\/image\/","url":"https:\/\/tatrarendezveny.hu\/wp-content\/uploads\/2024\/12\/tatra-rendezvenyhaz.logo_.png","contentUrl":"https:\/\/tatrarendezveny.hu\/wp-content\/uploads\/2024\/12\/tatra-rendezvenyhaz.logo_.png","width":1920,"height":1080,"caption":"T\u00e1tra Rendezv\u00e9nyh\u00e1z Ecs\u00e9d"},"image":{"@id":"https:\/\/tatrarendezveny.hu\/#\/schema\/logo\/image\/"},"sameAs":["https:\/\/www.facebook.com\/tatrarendezveny\/","https:\/\/www.instagram.com\/tatra_rendezvenyhelyszin"]},{"@type":"Person","@id":"https:\/\/tatrarendezveny.hu\/#\/schema\/person\/0f076a8cb61611a42d12c2d7719cbdf5","name":"admin","image":{"@type":"ImageObject","inLanguage":"hu","@id":"https:\/\/secure.gravatar.com\/avatar\/e1e9306a102b9896113a843eddbbe5abf162256340d7a8db7e663baeecfdb878?s=96&d=mm&r=g","url":"https:\/\/secure.gravatar.com\/avatar\/e1e9306a102b9896113a843eddbbe5abf162256340d7a8db7e663baeecfdb878?s=96&d=mm&r=g","contentUrl":"https:\/\/secure.gravatar.com\/avatar\/e1e9306a102b9896113a843eddbbe5abf162256340d7a8db7e663baeecfdb878?s=96&d=mm&r=g","caption":"admin"},"sameAs":["https:\/\/tatrarendezveny.hu"],"url":"https:\/\/tatrarendezveny.hu\/author\/tatra\/"}]}},"_links":{"self":[{"href":"https:\/\/tatrarendezveny.hu\/index.php\/wp-json\/wp\/v2\/posts\/719","targetHints":{"allow":["GET"]}}],"collection":[{"href":"https:\/\/tatrarendezveny.hu\/index.php\/wp-json\/wp\/v2\/posts"}],"about":[{"href":"https:\/\/tatrarendezveny.hu\/index.php\/wp-json\/wp\/v2\/types\/post"}],"author":[{"embeddable":true,"href":"https:\/\/tatrarendezveny.hu\/index.php\/wp-json\/wp\/v2\/users\/1"}],"replies":[{"embeddable":true,"href":"https:\/\/tatrarendezveny.hu\/index.php\/wp-json\/wp\/v2\/comments?post=719"}],"version-history":[{"count":3,"href":"https:\/\/tatrarendezveny.hu\/index.php\/wp-json\/wp\/v2\/posts\/719\/revisions"}],"predecessor-version":[{"id":723,"href":"https:\/\/tatrarendezveny.hu\/index.php\/wp-json\/wp\/v2\/posts\/719\/revisions\/723"}],"wp:featuredmedia":[{"embeddable":true,"href":"https:\/\/tatrarendezveny.hu\/index.php\/wp-json\/wp\/v2\/media\/720"}],"wp:attachment":[{"href":"https:\/\/tatrarendezveny.hu\/index.php\/wp-json\/wp\/v2\/media?parent=719"}],"wp:term":[{"taxonomy":"category","embeddable":true,"href":"https:\/\/tatrarendezveny.hu\/index.php\/wp-json\/wp\/v2\/categories?post=719"},{"taxonomy":"post_tag","embeddable":true,"href":"https:\/\/tatrarendezveny.hu\/index.php\/wp-json\/wp\/v2\/tags?post=719"}],"curies":[{"name":"wp","href":"https:\/\/api.w.org\/{rel}","templated":true}]}}